{"id":1691,"date":"2025-04-03T15:55:20","date_gmt":"2025-04-03T15:55:20","guid":{"rendered":"https:\/\/padrejacks.com\/?p=1691"},"modified":"2025-04-03T15:55:20","modified_gmt":"2025-04-03T15:55:20","slug":"semana-santa-2025-2","status":"publish","type":"post","link":"https:\/\/padrejacks.com\/index.php\/2025\/04\/03\/semana-santa-2025-2\/","title":{"rendered":"Semana Santa 2025"},"content":{"rendered":"<p>Vive una Semana Santa llena de fe y reflexi\u00f3n en la Parroquia San Pedro Claver de Fontib\u00f3n, Bogot\u00e1. Este 2025, te invitamos a participar en nuestras celebraciones lit\u00fargicas y actividades especiales que nos acercan al misterio de la Pasi\u00f3n, Muerte y Resurrecci\u00f3n de nuestro Se\u00f1or Jesucristo.<\/p>\n<p>Desde el Domingo de Ramos hasta el Domingo de Resurrecci\u00f3n, acomp\u00e1\u00f1anos en procesiones, misas solemnes, el Santo Viacrucis y momentos de oraci\u00f3n comunitaria. Cada encuentro ser\u00e1 una oportunidad para renovar nuestra fe y fortalecer nuestra relaci\u00f3n con Dios.<\/p>\n<p>\u00a1Ven con tu familia y amigos! Juntos, hagamos de esta Semana Santa un tiempo de recogimiento, esperanza y amor.<\/p>\n<p><img fetchpriority=\"high\" decoding=\"async\" class=\"aligncenter size-full wp-image-1684\" src=\"https:\/\/padrejacks.com\/wp-content\/uploads\/2025\/03\/YDRAY-programa-semana-santa-2025-e1743695184535.jpg\" alt=\"\" width=\"620\" height=\"902\" \/><\/p>\n","protected":false},"excerpt":{"rendered":"<p>Vive una Semana Santa llena de fe y reflexi\u00f3n en la Parroquia San Pedro Claver de Fontib\u00f3n, Bogot\u00e1. Este 2025, te invitamos a participar en nuestras celebraciones lit\u00fargicas y actividades especiales que nos acercan al misterio de la Pasi\u00f3n, Muerte y Resurrecci\u00f3n de nuestro Se\u00f1or Jesucristo. Desde el Domingo de Ramos hasta el Domingo de [&hellip;]<\/p>\n","protected":false},"author":1,"featured_media":0,"comment_status":"open","ping_status":"open","sticky":false,"template":"","format":"standard","meta":{"_joinchat":[],"footnotes":""},"categories":[1],"tags":[],"class_list":["post-1691","post","type-post","status-publish","format-standard","hentry","category-sin-categoria"],"yoast_head":"<!-- This site is optimized with the Yoast SEO plugin v25.3.1 - https:\/\/yoast.com\/wordpress\/plugins\/seo\/ -->\n<title>Semana Santa 2025 - Radio Curars<\/title>\n<meta name=\"robots\" content=\"index, follow, max-snippet:-1, max-image-preview:large, max-video-preview:-1\" \/>\n<link rel=\"canonical\" href=\"https:\/\/padrejacks.com\/index.php\/2025\/04\/03\/semana-santa-2025-2\/\" \/>\n<meta property=\"og:locale\" content=\"es_ES\" \/>\n<meta property=\"og:type\" content=\"article\" \/>\n<meta property=\"og:title\" content=\"Semana Santa 2025 - Radio Curars\" \/>\n<meta property=\"og:description\" content=\"Vive una Semana Santa llena de fe y reflexi\u00f3n en la Parroquia San Pedro Claver de Fontib\u00f3n, Bogot\u00e1. Este 2025, te invitamos a participar en nuestras celebraciones lit\u00fargicas y actividades especiales que nos acercan al misterio de la Pasi\u00f3n, Muerte y Resurrecci\u00f3n de nuestro Se\u00f1or Jesucristo. Desde el Domingo de Ramos hasta el Domingo de [&hellip;]\" \/>\n<meta property=\"og:url\" content=\"https:\/\/padrejacks.com\/index.php\/2025\/04\/03\/semana-santa-2025-2\/\" \/>\n<meta property=\"og:site_name\" content=\"Radio Curars\" \/>\n<meta property=\"article:published_time\" content=\"2025-04-03T15:55:20+00:00\" \/>\n<meta property=\"og:image\" content=\"https:\/\/padrejacks.com\/wp-content\/uploads\/2025\/03\/YDRAY-programa-semana-santa-2025-e1743695184535.jpg\" \/>\n\t<meta property=\"og:image:width\" content=\"620\" \/>\n\t<meta property=\"og:image:height\" content=\"902\" \/>\n\t<meta property=\"og:image:type\" content=\"image\/jpeg\" \/>\n<meta name=\"author\" content=\"pjackarpa\" \/>\n<meta name=\"twitter:card\" content=\"summary_large_image\" \/>\n<meta name=\"twitter:label1\" content=\"Escrito por\" \/>\n\t<meta name=\"twitter:data1\" content=\"pjackarpa\" \/>\n\t<meta name=\"twitter:label2\" content=\"Tiempo de lectura\" \/>\n\t<meta name=\"twitter:data2\" content=\"1 minuto\" \/>\n<script type=\"application\/ld+json\" class=\"yoast-schema-graph\">{\"@context\":\"https:\/\/schema.org\",\"@graph\":[{\"@type\":\"WebPage\",\"@id\":\"https:\/\/padrejacks.com\/index.php\/2025\/04\/03\/semana-santa-2025-2\/\",\"url\":\"https:\/\/padrejacks.com\/index.php\/2025\/04\/03\/semana-santa-2025-2\/\",\"name\":\"Semana Santa 2025 - Radio Curars\",\"isPartOf\":{\"@id\":\"https:\/\/padrejacks.com\/#website\"},\"primaryImageOfPage\":{\"@id\":\"https:\/\/padrejacks.com\/index.php\/2025\/04\/03\/semana-santa-2025-2\/#primaryimage\"},\"image\":{\"@id\":\"https:\/\/padrejacks.com\/index.php\/2025\/04\/03\/semana-santa-2025-2\/#primaryimage\"},\"thumbnailUrl\":\"https:\/\/padrejacks.com\/wp-content\/uploads\/2025\/03\/YDRAY-programa-semana-santa-2025-e1743695184535.jpg\",\"datePublished\":\"2025-04-03T15:55:20+00:00\",\"author\":{\"@id\":\"https:\/\/padrejacks.com\/#\/schema\/person\/72b00bf91c78ca9fb0f927d51b02b5d5\"},\"breadcrumb\":{\"@id\":\"https:\/\/padrejacks.com\/index.php\/2025\/04\/03\/semana-santa-2025-2\/#breadcrumb\"},\"inLanguage\":\"es\",\"potentialAction\":[{\"@type\":\"ReadAction\",\"target\":[\"https:\/\/padrejacks.com\/index.php\/2025\/04\/03\/semana-santa-2025-2\/\"]}]},{\"@type\":\"ImageObject\",\"inLanguage\":\"es\",\"@id\":\"https:\/\/padrejacks.com\/index.php\/2025\/04\/03\/semana-santa-2025-2\/#primaryimage\",\"url\":\"https:\/\/padrejacks.com\/wp-content\/uploads\/2025\/03\/YDRAY-programa-semana-santa-2025-e1743695184535.jpg\",\"contentUrl\":\"https:\/\/padrejacks.com\/wp-content\/uploads\/2025\/03\/YDRAY-programa-semana-santa-2025-e1743695184535.jpg\",\"width\":620,\"height\":902},{\"@type\":\"BreadcrumbList\",\"@id\":\"https:\/\/padrejacks.com\/index.php\/2025\/04\/03\/semana-santa-2025-2\/#breadcrumb\",\"itemListElement\":[{\"@type\":\"ListItem\",\"position\":1,\"name\":\"Portada\",\"item\":\"https:\/\/padrejacks.com\/\"},{\"@type\":\"ListItem\",\"position\":2,\"name\":\"Semana Santa 2025\"}]},{\"@type\":\"WebSite\",\"@id\":\"https:\/\/padrejacks.com\/#website\",\"url\":\"https:\/\/padrejacks.com\/\",\"name\":\"Radio Curars\",\"description\":\"\",\"potentialAction\":[{\"@type\":\"SearchAction\",\"target\":{\"@type\":\"EntryPoint\",\"urlTemplate\":\"https:\/\/padrejacks.com\/?s={search_term_string}\"},\"query-input\":{\"@type\":\"PropertyValueSpecification\",\"valueRequired\":true,\"valueName\":\"search_term_string\"}}],\"inLanguage\":\"es\"},{\"@type\":\"Person\",\"@id\":\"https:\/\/padrejacks.com\/#\/schema\/person\/72b00bf91c78ca9fb0f927d51b02b5d5\",\"name\":\"pjackarpa\",\"image\":{\"@type\":\"ImageObject\",\"inLanguage\":\"es\",\"@id\":\"https:\/\/padrejacks.com\/#\/schema\/person\/image\/\",\"url\":\"https:\/\/secure.gravatar.com\/avatar\/9cb80b37a74c78384045364ca50e3aa32ca56a5039483182df0e586fc81c9328?s=96&d=mm&r=g\",\"contentUrl\":\"https:\/\/secure.gravatar.com\/avatar\/9cb80b37a74c78384045364ca50e3aa32ca56a5039483182df0e586fc81c9328?s=96&d=mm&r=g\",\"caption\":\"pjackarpa\"},\"sameAs\":[\"https:\/\/padrejacks.com\"],\"url\":\"https:\/\/padrejacks.com\/index.php\/author\/pjackarpa\/\"}]}<\/script>\n<!-- \/ Yoast SEO plugin. -->","yoast_head_json":{"title":"Semana Santa 2025 - Radio Curars","robots":{"index":"index","follow":"follow","max-snippet":"max-snippet:-1","max-image-preview":"max-image-preview:large","max-video-preview":"max-video-preview:-1"},"canonical":"https:\/\/padrejacks.com\/index.php\/2025\/04\/03\/semana-santa-2025-2\/","og_locale":"es_ES","og_type":"article","og_title":"Semana Santa 2025 - Radio Curars","og_description":"Vive una Semana Santa llena de fe y reflexi\u00f3n en la Parroquia San Pedro Claver de Fontib\u00f3n, Bogot\u00e1. Este 2025, te invitamos a participar en nuestras celebraciones lit\u00fargicas y actividades especiales que nos acercan al misterio de la Pasi\u00f3n, Muerte y Resurrecci\u00f3n de nuestro Se\u00f1or Jesucristo. Desde el Domingo de Ramos hasta el Domingo de [&hellip;]","og_url":"https:\/\/padrejacks.com\/index.php\/2025\/04\/03\/semana-santa-2025-2\/","og_site_name":"Radio Curars","article_published_time":"2025-04-03T15:55:20+00:00","og_image":[{"width":620,"height":902,"url":"https:\/\/padrejacks.com\/wp-content\/uploads\/2025\/03\/YDRAY-programa-semana-santa-2025-e1743695184535.jpg","type":"image\/jpeg"}],"author":"pjackarpa","twitter_card":"summary_large_image","twitter_misc":{"Escrito por":"pjackarpa","Tiempo de lectura":"1 minuto"},"schema":{"@context":"https:\/\/schema.org","@graph":[{"@type":"WebPage","@id":"https:\/\/padrejacks.com\/index.php\/2025\/04\/03\/semana-santa-2025-2\/","url":"https:\/\/padrejacks.com\/index.php\/2025\/04\/03\/semana-santa-2025-2\/","name":"Semana Santa 2025 - Radio Curars","isPartOf":{"@id":"https:\/\/padrejacks.com\/#website"},"primaryImageOfPage":{"@id":"https:\/\/padrejacks.com\/index.php\/2025\/04\/03\/semana-santa-2025-2\/#primaryimage"},"image":{"@id":"https:\/\/padrejacks.com\/index.php\/2025\/04\/03\/semana-santa-2025-2\/#primaryimage"},"thumbnailUrl":"https:\/\/padrejacks.com\/wp-content\/uploads\/2025\/03\/YDRAY-programa-semana-santa-2025-e1743695184535.jpg","datePublished":"2025-04-03T15:55:20+00:00","author":{"@id":"https:\/\/padrejacks.com\/#\/schema\/person\/72b00bf91c78ca9fb0f927d51b02b5d5"},"breadcrumb":{"@id":"https:\/\/padrejacks.com\/index.php\/2025\/04\/03\/semana-santa-2025-2\/#breadcrumb"},"inLanguage":"es","potentialAction":[{"@type":"ReadAction","target":["https:\/\/padrejacks.com\/index.php\/2025\/04\/03\/semana-santa-2025-2\/"]}]},{"@type":"ImageObject","inLanguage":"es","@id":"https:\/\/padrejacks.com\/index.php\/2025\/04\/03\/semana-santa-2025-2\/#primaryimage","url":"https:\/\/padrejacks.com\/wp-content\/uploads\/2025\/03\/YDRAY-programa-semana-santa-2025-e1743695184535.jpg","contentUrl":"https:\/\/padrejacks.com\/wp-content\/uploads\/2025\/03\/YDRAY-programa-semana-santa-2025-e1743695184535.jpg","width":620,"height":902},{"@type":"BreadcrumbList","@id":"https:\/\/padrejacks.com\/index.php\/2025\/04\/03\/semana-santa-2025-2\/#breadcrumb","itemListElement":[{"@type":"ListItem","position":1,"name":"Portada","item":"https:\/\/padrejacks.com\/"},{"@type":"ListItem","position":2,"name":"Semana Santa 2025"}]},{"@type":"WebSite","@id":"https:\/\/padrejacks.com\/#website","url":"https:\/\/padrejacks.com\/","name":"Radio Curars","description":"","potentialAction":[{"@type":"SearchAction","target":{"@type":"EntryPoint","urlTemplate":"https:\/\/padrejacks.com\/?s={search_term_string}"},"query-input":{"@type":"PropertyValueSpecification","valueRequired":true,"valueName":"search_term_string"}}],"inLanguage":"es"},{"@type":"Person","@id":"https:\/\/padrejacks.com\/#\/schema\/person\/72b00bf91c78ca9fb0f927d51b02b5d5","name":"pjackarpa","image":{"@type":"ImageObject","inLanguage":"es","@id":"https:\/\/padrejacks.com\/#\/schema\/person\/image\/","url":"https:\/\/secure.gravatar.com\/avatar\/9cb80b37a74c78384045364ca50e3aa32ca56a5039483182df0e586fc81c9328?s=96&d=mm&r=g","contentUrl":"https:\/\/secure.gravatar.com\/avatar\/9cb80b37a74c78384045364ca50e3aa32ca56a5039483182df0e586fc81c9328?s=96&d=mm&r=g","caption":"pjackarpa"},"sameAs":["https:\/\/padrejacks.com"],"url":"https:\/\/padrejacks.com\/index.php\/author\/pjackarpa\/"}]}},"_links":{"self":[{"href":"https:\/\/padrejacks.com\/index.php\/wp-json\/wp\/v2\/posts\/1691","targetHints":{"allow":["GET"]}}],"collection":[{"href":"https:\/\/padrejacks.com\/index.php\/wp-json\/wp\/v2\/posts"}],"about":[{"href":"https:\/\/padrejacks.com\/index.php\/wp-json\/wp\/v2\/types\/post"}],"author":[{"embeddable":true,"href":"https:\/\/padrejacks.com\/index.php\/wp-json\/wp\/v2\/users\/1"}],"replies":[{"embeddable":true,"href":"https:\/\/padrejacks.com\/index.php\/wp-json\/wp\/v2\/comments?post=1691"}],"version-history":[{"count":1,"href":"https:\/\/padrejacks.com\/index.php\/wp-json\/wp\/v2\/posts\/1691\/revisions"}],"predecessor-version":[{"id":1692,"href":"https:\/\/padrejacks.com\/index.php\/wp-json\/wp\/v2\/posts\/1691\/revisions\/1692"}],"wp:attachment":[{"href":"https:\/\/padrejacks.com\/index.php\/wp-json\/wp\/v2\/media?parent=1691"}],"wp:term":[{"taxonomy":"category","embeddable":true,"href":"https:\/\/padrejacks.com\/index.php\/wp-json\/wp\/v2\/categories?post=1691"},{"taxonomy":"post_tag","embeddable":true,"href":"https:\/\/padrejacks.com\/index.php\/wp-json\/wp\/v2\/tags?post=1691"}],"curies":[{"name":"wp","href":"https:\/\/api.w.org\/{rel}","templated":true}]}}